{"id":2003,"date":"2023-05-10T07:40:28","date_gmt":"2023-05-10T07:40:28","guid":{"rendered":"http:\/\/astrid-kruse.de\/?p=2003"},"modified":"2023-05-11T20:07:35","modified_gmt":"2023-05-11T20:07:35","slug":"zu-gast-in-fremden-laendern-und-kulturen","status":"publish","type":"post","link":"http:\/\/astrid-kruse.de\/?p=2003","title":{"rendered":"Zu Gast in fremden L\u00e4ndern und Kulturen"},"content":{"rendered":"\n<p><strong>Ausstellung 2023<\/strong><\/p>\n\n\n\n<p>Unsere Ausstellung ist zu den \u00d6ffnungszeiten in der Musikschule Trossingen, L\u00f6hrstr. 32 in der Ebene 2 (1.Stock) zu besichtigen. Siehe auch unter &#8222;Ausstellungen&#8220; in der Men\u00fcleiste.<\/p>\n","protected":false},"excerpt":{"rendered":"<p>Ausstellung 2023 Unsere Ausstellung ist zu den \u00d6ffnungszeiten in der Musikschule Trossingen, L\u00f6hrstr. 32 in der Ebene 2 (1.Stock) zu besichtigen. Siehe auch unter &#8222;Ausstellungen&#8220; in der Men\u00fcleiste.<\/p>\n","protected":false},"author":2,"featured_media":2023,"comment_status":"open","ping_status":"open","sticky":false,"template":"","format":"standard","meta":{"jetpack_publicize_message":"","jetpack_is_tweetstorm":false,"jetpack_publicize_feature_enabled":true,"jetpack_social_post_already_shared":true,"jetpack_social_options":[]},"categories":[1],"tags":[],"jetpack_publicize_connections":[],"jetpack_featured_media_url":"https:\/\/i0.wp.com\/astrid-kruse.de\/wp-content\/uploads\/2023\/05\/DD317C24-9A5C-4F89-9AE7-096B09374EBC_1_105_c.jpeg?fit=1024%2C768","jetpack_sharing_enabled":true,"jetpack_shortlink":"https:\/\/wp.me\/p4hUDp-wj","jetpack-related-posts":[{"id":889,"url":"http:\/\/astrid-kruse.de\/?p=889","url_meta":{"origin":2003,"position":0},"title":"Unsere n\u00e4chste Ausstellung:  &#8222;m\u00e4rchenhaft!&#8220;","date":"April 8, 2014","format":false,"excerpt":"Herzliche Einladung zu unserer n\u00e4chsten Vernissage zum Thema \"m\u00e4rchenhaft!\" \u00dcber 100 Exponate entf\u00fchren den Betrachter in die Welt der M\u00e4rchen und zeigen nicht nur die bekanntesten unter ihnen, aus denen der Stoff so mancher Kindertr\u00e4ume des nachts gewebt wurde. In unserer Ausstellung finden sich auch ungew\u00f6hnliche Begegnungen und Gegen\u00fcberstellungen -\u2026","rel":"","context":"\u00c4hnlicher Beitrag","img":{"alt_text":"","src":"https:\/\/i0.wp.com\/astrid-kruse.de\/wp-content\/uploads\/2014\/04\/Schattenfiguren-e1399390862866.jpg?resize=350%2C200","width":350,"height":200},"classes":[]},{"id":1587,"url":"http:\/\/astrid-kruse.de\/?p=1587","url_meta":{"origin":2003,"position":1},"title":"Gar nicht so leicht&#8230;.das Spiel mit der Perspektive!","date":"Januar 24, 2017","format":false,"excerpt":"An unserer n\u00e4chsten Ausstellung im Mai zum Thema \"Perspektive\" arbeiten wir schon flei\u00dfig. Gar nicht so leicht\u00a0einem Bildinhalt Tiefe zu geben, einen Gegenstand nach vorne zu r\u00fccken, die Verzerrung von Proportionen aus einem bestimmten Blickwinkel einzufangen oder zu entscheiden, welcher Gegenstand vor welchem steht. Mit Lineal und Zirkel und geschultem\u00a0Blick\u2026","rel":"","context":"\u00c4hnlicher Beitrag","img":{"alt_text":"","src":"https:\/\/i0.wp.com\/astrid-kruse.de\/wp-content\/uploads\/2017\/01\/2017-01-20-Malschule-2017-9-von-9-e1485245636902.jpg?resize=350%2C200","width":350,"height":200},"classes":[]},{"id":987,"url":"http:\/\/astrid-kruse.de\/?p=987","url_meta":{"origin":2003,"position":2},"title":"m\u00e4rchenhaft!","date":"Mai 23, 2014","format":false,"excerpt":"Mit \u00fcber 100 Exponaten pr\u00e4sentieren die Malsch\u00fcler ihre Arbeiten zum Thema \"m\u00e4rchenhaft!\" Jedes Bild erz\u00e4hlt eine andere Geschichte. Zudem erarbeiteten wir m\u00e4rchenhafte Froschk\u00f6nige, die nur darauf warten, gek\u00fcsst zu werden... Unsere Urauff\u00fchrung des Schattentheaters war ein gro\u00dfer Erfolg! Mit 20 Personen standen wir vor und hinter der B\u00fchne, um das\u2026","rel":"","context":"\u00c4hnlicher Beitrag","img":{"alt_text":"","src":"https:\/\/i0.wp.com\/astrid-kruse.de\/wp-content\/uploads\/2014\/05\/Schattenfiguren-21-e1400678446549.jpg?resize=350%2C200","width":350,"height":200},"classes":[]},{"id":1313,"url":"http:\/\/astrid-kruse.de\/?p=1313","url_meta":{"origin":2003,"position":3},"title":"Auf den Spuren der gro\u00dfen Meister&#8230;.","date":"Februar 12, 2016","format":false,"excerpt":"F\u00fcr unsere n\u00e4chste Ausstellung wandeln wir auf den Spuren der gro\u00dfen Meister. Dabei lernen wir die alten Meister wie Jan Vermeer kennen, aber auch neuere K\u00fcnstler wie z.B. Thierry Noir, der als erster die Berliner Mauer bemalte. Diesmal wird es sehr bunt! In den verschiedensten Techniken versuchen wir uns den\u2026","rel":"","context":"\u00c4hnlicher Beitrag","img":{"alt_text":"","src":"https:\/\/i0.wp.com\/astrid-kruse.de\/wp-content\/uploads\/2016\/02\/Paul-Klee-Masken-2-e1455294360128.jpg?resize=350%2C200","width":350,"height":200},"classes":[]},{"id":1417,"url":"http:\/\/astrid-kruse.de\/?p=1417","url_meta":{"origin":2003,"position":4},"title":"Herzliche Einladung zur Vernissage &#8222;Augenblick mal!&#8220; im AWO Seniorenzentrum VS-Schwenningen","date":"Juni 3, 2016","format":false,"excerpt":"Am 23. Juni 2016 um 19 Uhr findet dieVernissage \"Augenblick-mal!\" im AWO Seniorenzentrum Am Stadtpark, Reutlinger Str. 10 in 78054 VS-Schwenningen statt. Dazu m\u00f6chte ich herzliche einladen. Gezeigt werden Bilder zu \"Augen und Portraits\", die Malsch\u00fcler im Alter von 6 bis 15 Jahren gemalt und gezeichnet haben. Die Ausstellung ist\u2026","rel":"","context":"\u00c4hnlicher Beitrag","img":{"alt_text":"","src":"https:\/\/i0.wp.com\/astrid-kruse.de\/wp-content\/uploads\/2016\/06\/Fotos-4-e1464963207493.jpg?resize=350%2C200","width":350,"height":200},"classes":[]},{"id":1339,"url":"http:\/\/astrid-kruse.de\/?p=1339","url_meta":{"origin":2003,"position":5},"title":"&#8222;Gro\u00dfe Meister \u2013 junge K\u00fcnstler&#8220;      Vernissage 07. Mai 2016","date":"April 16, 2016","format":false,"excerpt":"Herzliche Einladung zu unserer n\u00e4chsten Vernissage am 07. Mai 2016 um 18 Uhr in der Musikschule Trossingen (L\u00f6hrstr. 32) Der Countdown l\u00e4uft: Unsere n\u00e4chste Ausstellung \"Gro\u00dfe Meister \u2013 junge K\u00fcnstler\" nimmt konkrete Formen an. Diesmal wandeln wir auf den Spuren der gro\u00dfen Meister. Hier ein paar Kostproben: \u00a0","rel":"","context":"\u00c4hnlicher Beitrag","img":{"alt_text":"","src":"https:\/\/i0.wp.com\/astrid-kruse.de\/wp-content\/uploads\/2016\/04\/Beispiel-3-e1460821565675.png?resize=350%2C200","width":350,"height":200},"classes":[]}],"_links":{"self":[{"href":"http:\/\/astrid-kruse.de\/index.php?rest_route=\/wp\/v2\/posts\/2003"}],"collection":[{"href":"http:\/\/astrid-kruse.de\/index.php?rest_route=\/wp\/v2\/posts"}],"about":[{"href":"http:\/\/astrid-kruse.de\/index.php?rest_route=\/wp\/v2\/types\/post"}],"author":[{"embeddable":true,"href":"http:\/\/astrid-kruse.de\/index.php?rest_route=\/wp\/v2\/users\/2"}],"replies":[{"embeddable":true,"href":"http:\/\/astrid-kruse.de\/index.php?rest_route=%2Fwp%2Fv2%2Fcomments&post=2003"}],"version-history":[{"count":3,"href":"http:\/\/astrid-kruse.de\/index.php?rest_route=\/wp\/v2\/posts\/2003\/revisions"}],"predecessor-version":[{"id":2051,"href":"http:\/\/astrid-kruse.de\/index.php?rest_route=\/wp\/v2\/posts\/2003\/revisions\/2051"}],"wp:featuredmedia":[{"embeddable":true,"href":"http:\/\/astrid-kruse.de\/index.php?rest_route=\/wp\/v2\/media\/2023"}],"wp:attachment":[{"href":"http:\/\/astrid-kruse.de\/index.php?rest_route=%2Fwp%2Fv2%2Fmedia&parent=2003"}],"wp:term":[{"taxonomy":"category","embeddable":true,"href":"http:\/\/astrid-kruse.de\/index.php?rest_route=%2Fwp%2Fv2%2Fcategories&post=2003"},{"taxonomy":"post_tag","embeddable":true,"href":"http:\/\/astrid-kruse.de\/index.php?rest_route=%2Fwp%2Fv2%2Ftags&post=2003"}],"curies":[{"name":"wp","href":"https:\/\/api.w.org\/{rel}","templated":true}]}}